{"id":1433,"date":"2021-05-01T14:52:00","date_gmt":"2021-05-01T12:52:00","guid":{"rendered":"https:\/\/pleiade.archi\/?p=1433"},"modified":"2023-08-07T18:00:37","modified_gmt":"2023-08-07T16:00:37","slug":"18-logements-collectifs","status":"publish","type":"post","link":"https:\/\/pleiade.archi\/index.php\/2021\/05\/01\/18-logements-collectifs\/","title":{"rendered":"Archive"},"content":{"rendered":"\n<div class=\"wp-block-jetpack-tiled-gallery aligncenter is-style-columns\"><div class=\"tiled-gallery__gallery\"><div class=\"tiled-gallery__row\"><div class=\"tiled-gallery__col\" style=\"flex-basis:24.83226%\"><figure class=\"tiled-gallery__item\"><img decoding=\"async\" srcset=\"https:\/\/i0.wp.com\/pleiade.archi\/wp-content\/uploads\/2021\/04\/37-logements-accession-st-clair-de-la-tour-pleiade-architecture-5.jpg?strip=info&#038;w=600&#038;ssl=1 600w,https:\/\/i0.wp.com\/pleiade.archi\/wp-content\/uploads\/2021\/04\/37-logements-accession-st-clair-de-la-tour-pleiade-architecture-5.jpg?strip=info&#038;w=750&#038;ssl=1 750w\" alt=\"37 logements en accession Pleiade Architecture 5\" data-height=\"450\" data-id=\"747\" data-link=\"https:\/\/pleiade.archi\/index.php\/2021\/04\/14\/37-logements-accession\/37-logements-accession-st-clair-de-la-tour-pleiade-architecture-5\/\" data-url=\"https:\/\/pleiade.archi\/wp-content\/uploads\/2021\/04\/37-logements-accession-st-clair-de-la-tour-pleiade-architecture-5.jpg\" data-width=\"750\" src=\"https:\/\/i0.wp.com\/pleiade.archi\/wp-content\/uploads\/2021\/04\/37-logements-accession-st-clair-de-la-tour-pleiade-architecture-5.jpg?ssl=1\" data-amp-layout=\"responsive\"\/><\/figure><figure class=\"tiled-gallery__item\"><img decoding=\"async\" srcset=\"https:\/\/i2.wp.com\/pleiade.archi\/wp-content\/uploads\/2021\/04\/37-logements-accession-st-clair-de-la-tour-pleiade-architecture-3.jpg?strip=info&#038;w=600&#038;ssl=1 600w,https:\/\/i2.wp.com\/pleiade.archi\/wp-content\/uploads\/2021\/04\/37-logements-accession-st-clair-de-la-tour-pleiade-architecture-3.jpg?strip=info&#038;w=750&#038;ssl=1 750w\" alt=\"37 logements en accession Pleiade Architecture 3\" data-height=\"450\" data-id=\"745\" data-link=\"https:\/\/pleiade.archi\/index.php\/2021\/04\/14\/37-logements-accession\/37-logements-accession-st-clair-de-la-tour-pleiade-architecture-3\/\" data-url=\"https:\/\/pleiade.archi\/wp-content\/uploads\/2021\/04\/37-logements-accession-st-clair-de-la-tour-pleiade-architecture-3.jpg\" data-width=\"750\" src=\"https:\/\/i2.wp.com\/pleiade.archi\/wp-content\/uploads\/2021\/04\/37-logements-accession-st-clair-de-la-tour-pleiade-architecture-3.jpg?ssl=1\" data-amp-layout=\"responsive\"\/><\/figure><figure class=\"tiled-gallery__item\"><img decoding=\"async\" srcset=\"https:\/\/i2.wp.com\/pleiade.archi\/wp-content\/uploads\/2021\/04\/37-logements-accession-st-clair-de-la-tour-pleiade-architecture-2.jpg?strip=info&#038;w=600&#038;ssl=1 600w,https:\/\/i2.wp.com\/pleiade.archi\/wp-content\/uploads\/2021\/04\/37-logements-accession-st-clair-de-la-tour-pleiade-architecture-2.jpg?strip=info&#038;w=750&#038;ssl=1 750w\" alt=\"37 logements en accession Pleiade Architecture 2\" data-height=\"450\" data-id=\"744\" data-link=\"https:\/\/pleiade.archi\/index.php\/2021\/04\/14\/37-logements-accession\/37-logements-accession-st-clair-de-la-tour-pleiade-architecture-2\/\" data-url=\"https:\/\/pleiade.archi\/wp-content\/uploads\/2021\/04\/37-logements-accession-st-clair-de-la-tour-pleiade-architecture-2.jpg\" data-width=\"750\" src=\"https:\/\/i2.wp.com\/pleiade.archi\/wp-content\/uploads\/2021\/04\/37-logements-accession-st-clair-de-la-tour-pleiade-architecture-2.jpg?ssl=1\" data-amp-layout=\"responsive\"\/><\/figure><\/div><div class=\"tiled-gallery__col\" style=\"flex-basis:75.16774%\"><figure class=\"tiled-gallery__item\"><img decoding=\"async\" srcset=\"https:\/\/i0.wp.com\/pleiade.archi\/wp-content\/uploads\/2021\/04\/37-logements-accession-st-clair-de-la-tour-pleiade-architecture-1.jpg?strip=info&#038;w=600&#038;ssl=1 600w,https:\/\/i0.wp.com\/pleiade.archi\/wp-content\/uploads\/2021\/04\/37-logements-accession-st-clair-de-la-tour-pleiade-architecture-1.jpg?strip=info&#038;w=750&#038;ssl=1 750w\" alt=\"37 logements en accession Pleiade Architecture 1\" data-height=\"450\" data-id=\"743\" data-link=\"https:\/\/pleiade.archi\/index.php\/2021\/04\/14\/37-logements-accession\/37-logements-accession-st-clair-de-la-tour-pleiade-architecture-1\/\" data-url=\"https:\/\/pleiade.archi\/wp-content\/uploads\/2021\/04\/37-logements-accession-st-clair-de-la-tour-pleiade-architecture-1.jpg\" data-width=\"750\" src=\"https:\/\/i0.wp.com\/pleiade.archi\/wp-content\/uploads\/2021\/04\/37-logements-accession-st-clair-de-la-tour-pleiade-architecture-1.jpg?ssl=1\" data-amp-layout=\"responsive\"\/><\/figure><\/div><\/div><\/div><\/div>\n\n\n\n<p>L\u2019inscription du projet dans le site, ses rapports aux villes de Saint-Clair-de-la-Tour, de Chapelle de la Tour et de la ville-centre de la Tour-du-Pin ont guid\u00e9 notre r\u00e9flexion. Nous avons enfin cherch\u00e9 \u00e0 donner corps aux exigences principales du porteur du projet, particuli\u00e8rement l\u2019affirmation d\u2019une identit\u00e9 d\u2019habitat individuel et group\u00e9, aux attentes li\u00e9es sa compacit\u00e9 ainsi qu\u2019\u00e0 la volont\u00e9 de construire des b\u00e2timents contemporains et\u2000\u00e9nerg\u00e9tiquement performants. La volum\u00e9trie du projet, fractionn\u00e9e, transcrit les principes de composition et d\u2019organisation de ces logements ; les acrot\u00e8res haut et bas viennent enrichir le rythme des volumes. Chaque logement a sa propre entr\u00e9e individuelle, v\u00e9ritable patio.<\/p>\n","protected":false},"excerpt":{"rendered":"<p>L\u2019inscription du projet dans le site, ses rapports aux villes de Saint-Clair-de-la-Tour, de Chapelle de la Tour et de la ville-centre de la Tour-du-Pin ont guid\u00e9 notre r\u00e9flexion. Nous avons enfin cherch\u00e9 \u00e0 donner corps aux exigences principales du porteur du projet, particuli\u00e8rement l\u2019affirmation d\u2019une identit\u00e9 d\u2019habitat individuel et group\u00e9, aux attentes li\u00e9es sa compacit\u00e9 [&hellip;]<\/p>\n","protected":false},"author":1,"featured_media":1434,"comment_status":"open","ping_status":"open","sticky":false,"template":"","format":"standard","meta":{"inline_featured_image":false,"_jetpack_memberships_contains_paid_content":false,"footnotes":""},"categories":[1],"tags":[],"class_list":["post-1433","post","type-post","status-publish","format-standard","has-post-thumbnail","hentry","category-non-classe","entry","has-media"],"jetpack_featured_media_url":"https:\/\/pleiade.archi\/wp-content\/uploads\/2023\/08\/2111VAL_01.jpg","jetpack_sharing_enabled":true,"_links":{"self":[{"href":"https:\/\/pleiade.archi\/index.php\/wp-json\/wp\/v2\/posts\/1433","targetHints":{"allow":["GET"]}}],"collection":[{"href":"https:\/\/pleiade.archi\/index.php\/wp-json\/wp\/v2\/posts"}],"about":[{"href":"https:\/\/pleiade.archi\/index.php\/wp-json\/wp\/v2\/types\/post"}],"author":[{"embeddable":true,"href":"https:\/\/pleiade.archi\/index.php\/wp-json\/wp\/v2\/users\/1"}],"replies":[{"embeddable":true,"href":"https:\/\/pleiade.archi\/index.php\/wp-json\/wp\/v2\/comments?post=1433"}],"version-history":[{"count":4,"href":"https:\/\/pleiade.archi\/index.php\/wp-json\/wp\/v2\/posts\/1433\/revisions"}],"predecessor-version":[{"id":1504,"href":"https:\/\/pleiade.archi\/index.php\/wp-json\/wp\/v2\/posts\/1433\/revisions\/1504"}],"wp:featuredmedia":[{"embeddable":true,"href":"https:\/\/pleiade.archi\/index.php\/wp-json\/wp\/v2\/media\/1434"}],"wp:attachment":[{"href":"https:\/\/pleiade.archi\/index.php\/wp-json\/wp\/v2\/media?parent=1433"}],"wp:term":[{"taxonomy":"category","embeddable":true,"href":"https:\/\/pleiade.archi\/index.php\/wp-json\/wp\/v2\/categories?post=1433"},{"taxonomy":"post_tag","embeddable":true,"href":"https:\/\/pleiade.archi\/index.php\/wp-json\/wp\/v2\/tags?post=1433"}],"curies":[{"name":"wp","href":"https:\/\/api.w.org\/{rel}","templated":true}]}}