{"id":2075,"date":"2025-08-20T18:34:32","date_gmt":"2025-08-20T16:34:32","guid":{"rendered":"https:\/\/pleiade.archi\/?p=2075"},"modified":"2025-08-20T18:51:37","modified_gmt":"2025-08-20T16:51:37","slug":"22-logements-a-dardilly","status":"publish","type":"post","link":"https:\/\/pleiade.archi\/index.php\/2025\/08\/20\/22-logements-a-dardilly\/","title":{"rendered":"<b>22 Logements<\/b> \u00e0 Dardilly"},"content":{"rendered":"\n<p>Situ\u00e9 \u00e0 Dardilly, dans le hameau de Montcourant, \u00e0 proximit\u00e9 de l\u2019\u00e9metteur historique de Radio-Lyon, le projet pr\u00e9voit la r\u00e9alisation de deux b\u00e2timents accueillant 14 logements interm\u00e9diaires sociaux et 8 logements en accession. Les volumes, d\u2019architecture contemporaine, jouent sur des formes cr\u00e9nel\u00e9es et des d\u00e9coupes fines, favorisant une insertion douce dans le paysage naturel environnant.<\/p>\n\n\n\n<p>La palette chromatique, inspir\u00e9e des teintes locales, associe un b\u00e9ton ocre teint\u00e9 dans la masse \u00e0 des menuiseries et occultations aux nuances brunes et vertes. Ce choix de mat\u00e9riaux et de couleurs permet une int\u00e9gration harmonieuse au site, tout en affirmant une identit\u00e9 architecturale contemporaine. Les logements, lumineux et fonctionnels, offrent aux futurs habitants un cadre de vie \u00e0 la fois moderne et respectueux de l\u2019esprit du lieu.<\/p>\n\n\n\n<figure class=\"wp-block-image size-full\"><img fetchpriority=\"high\" decoding=\"async\" width=\"1500\" height=\"900\" src=\"https:\/\/pleiade.archi\/wp-content\/uploads\/2025\/08\/2318RAD_DARDILLY_22_LOGEMENTS_PLEIADE.jpg\" alt=\"\" class=\"wp-image-2183\"\/><\/figure>\n\n\n\n<div class=\"wp-block-jetpack-tiled-gallery aligncenter is-style-rectangular\"><div class=\"\"><div class=\"tiled-gallery__gallery\"><div class=\"tiled-gallery__row\"><div class=\"tiled-gallery__col\" style=\"flex-basis:50.00000%\"><figure class=\"tiled-gallery__item\"><img decoding=\"async\" srcset=\"https:\/\/i0.wp.com\/pleiade.archi\/wp-content\/uploads\/2025\/08\/2318RAD_DARDILLY_22_LOGEMENTS_PLEIADE_3-849x1024.jpg?strip=info&#038;w=600&#038;ssl=1 600w,https:\/\/i0.wp.com\/pleiade.archi\/wp-content\/uploads\/2025\/08\/2318RAD_DARDILLY_22_LOGEMENTS_PLEIADE_3-849x1024.jpg?strip=info&#038;w=849&#038;ssl=1 849w\" alt=\"\" data-height=\"1200\" data-id=\"2079\" data-link=\"https:\/\/pleiade.archi\/2318rad_dardilly_22_logements_pleiade_3\/\" data-url=\"https:\/\/pleiade.archi\/wp-content\/uploads\/2025\/08\/2318RAD_DARDILLY_22_LOGEMENTS_PLEIADE_3-849x1024.jpg\" data-width=\"849\" src=\"https:\/\/i0.wp.com\/pleiade.archi\/wp-content\/uploads\/2025\/08\/2318RAD_DARDILLY_22_LOGEMENTS_PLEIADE_3-849x1024.jpg?ssl=1\" data-amp-layout=\"responsive\"\/><\/figure><\/div><div class=\"tiled-gallery__col\" style=\"flex-basis:50.00000%\"><figure class=\"tiled-gallery__item\"><img decoding=\"async\" srcset=\"https:\/\/i0.wp.com\/pleiade.archi\/wp-content\/uploads\/2025\/08\/2318RAD_DARDILLY_22_LOGEMENTS_PLEIADE_4-849x1024.jpg?strip=info&#038;w=600&#038;ssl=1 600w,https:\/\/i0.wp.com\/pleiade.archi\/wp-content\/uploads\/2025\/08\/2318RAD_DARDILLY_22_LOGEMENTS_PLEIADE_4-849x1024.jpg?strip=info&#038;w=849&#038;ssl=1 849w\" alt=\"\" data-height=\"1200\" data-id=\"2080\" data-link=\"https:\/\/pleiade.archi\/2318rad_dardilly_22_logements_pleiade_4\/\" data-url=\"https:\/\/pleiade.archi\/wp-content\/uploads\/2025\/08\/2318RAD_DARDILLY_22_LOGEMENTS_PLEIADE_4-849x1024.jpg\" data-width=\"849\" src=\"https:\/\/i0.wp.com\/pleiade.archi\/wp-content\/uploads\/2025\/08\/2318RAD_DARDILLY_22_LOGEMENTS_PLEIADE_4-849x1024.jpg?ssl=1\" data-amp-layout=\"responsive\"\/><\/figure><\/div><\/div><\/div><\/div><\/div>\n\n\n\n<p><\/p>\n\n\n\n<figure class=\"wp-block-image size-full\"><img decoding=\"async\" width=\"1500\" height=\"900\" src=\"https:\/\/pleiade.archi\/wp-content\/uploads\/2025\/08\/2318RAD_DARDILLY_22_LOGEMENTS_PLEIADE_5-1.jpg\" alt=\"\" class=\"wp-image-2182\"\/><\/figure>\n\n\n\n<p><\/p>\n\n\n\n<p><\/p>\n","protected":false},"excerpt":{"rendered":"<p>Ma\u00eetre ouvrage :<strong>\u00a0Phoenix<\/strong><\/br><br \/>\nLieu :<strong> Dardilly (69)<\/strong><\/br><br \/>\nDate :<strong> 2024-2027<\/strong><\/br><br \/>\nType de mission :<strong> Mission compl\u00e8te<\/strong><\/br><br \/>\nMontant des travaux :<strong> 2,5M\u20ac HT<\/strong><\/br><br \/>\nSurfaces :<strong>\u00a01280 m<sup>2<\/sup> SHAB<\/strong><\/p>\n","protected":false},"author":1,"featured_media":2191,"comment_status":"closed","ping_status":"open","sticky":false,"template":"","format":"standard","meta":{"inline_featured_image":false,"_jetpack_memberships_contains_paid_content":false,"footnotes":""},"categories":[23],"tags":[],"class_list":["post-2075","post","type-post","status-publish","format-standard","has-post-thumbnail","hentry","category-habitats-collectifs","entry","has-media"],"jetpack_featured_media_url":"https:\/\/pleiade.archi\/wp-content\/uploads\/2025\/08\/2318RAD_DARDILLY_22_LOGEMENTS_PLEIADE_2-2.jpg","jetpack_sharing_enabled":true,"_links":{"self":[{"href":"https:\/\/pleiade.archi\/index.php\/wp-json\/wp\/v2\/posts\/2075","targetHints":{"allow":["GET"]}}],"collection":[{"href":"https:\/\/pleiade.archi\/index.php\/wp-json\/wp\/v2\/posts"}],"about":[{"href":"https:\/\/pleiade.archi\/index.php\/wp-json\/wp\/v2\/types\/post"}],"author":[{"embeddable":true,"href":"https:\/\/pleiade.archi\/index.php\/wp-json\/wp\/v2\/users\/1"}],"replies":[{"embeddable":true,"href":"https:\/\/pleiade.archi\/index.php\/wp-json\/wp\/v2\/comments?post=2075"}],"version-history":[{"count":6,"href":"https:\/\/pleiade.archi\/index.php\/wp-json\/wp\/v2\/posts\/2075\/revisions"}],"predecessor-version":[{"id":2190,"href":"https:\/\/pleiade.archi\/index.php\/wp-json\/wp\/v2\/posts\/2075\/revisions\/2190"}],"wp:featuredmedia":[{"embeddable":true,"href":"https:\/\/pleiade.archi\/index.php\/wp-json\/wp\/v2\/media\/2191"}],"wp:attachment":[{"href":"https:\/\/pleiade.archi\/index.php\/wp-json\/wp\/v2\/media?parent=2075"}],"wp:term":[{"taxonomy":"category","embeddable":true,"href":"https:\/\/pleiade.archi\/index.php\/wp-json\/wp\/v2\/categories?post=2075"},{"taxonomy":"post_tag","embeddable":true,"href":"https:\/\/pleiade.archi\/index.php\/wp-json\/wp\/v2\/tags?post=2075"}],"curies":[{"name":"wp","href":"https:\/\/api.w.org\/{rel}","templated":true}]}}